[{"@context":"https:\/\/schema.org\/","@type":"Article","@id":"https:\/\/www.grubin.cz\/vzpominky-z-detstvi-jsou-dulezite\/#Article","mainEntityOfPage":"https:\/\/www.grubin.cz\/vzpominky-z-detstvi-jsou-dulezite\/","headline":"Vzpom\u00ednky z d\u011btstv\u00ed jsou d\u016fle\u017eit\u00e9","name":"Vzpom\u00ednky z d\u011btstv\u00ed jsou d\u016fle\u017eit\u00e9","description":"Kdy\u017e jsem byla mal\u00e1, tak jsem velice vzpom\u00ednala na svoje d\u011btstv\u00ed. Moje d\u011btstv\u00ed bylo velice kr\u00e1sn\u00e9, a to t\u00edm, \u017ee jsem hlavn\u011b m\u011bla oba rodi\u010de, proto\u017ee to je pro d\u011bti velice d\u016fle\u017eit\u00e9. Mysl\u00edm si, \u017ee d\u011bti, kter\u00e9 prost\u011b dva rodi\u010de nemaj\u00ed, tak o hodn\u011b p\u0159i\u0161ly, ale v \u017eivot\u011b se prost\u011b ned\u00e1 nic d\u011blat. \u017divot je ... <a title=\"Vzpom\u00ednky z d\u011btstv\u00ed jsou d\u016fle\u017eit\u00e9\" class=\"read-more\" href=\"https:\/\/www.grubin.cz\/vzpominky-z-detstvi-jsou-dulezite\/\">Read more<span class=\"screen-reader-text\">Vzpom\u00ednky z d\u011btstv\u00ed jsou d\u016fle\u017eit\u00e9<\/span><\/a>","datePublished":"2024-03-29","dateModified":"2024-03-29","author":{"@type":"Person","@id":"https:\/\/www.grubin.cz\/author\/#Person","name":"","url":"https:\/\/www.grubin.cz\/author\/","identifier":1,"image":{"@type":"ImageObject","@id":"https:\/\/secure.gravatar.com\/avatar\/11f8c6ff4d174e1ebef1d6401491d0892ff6534e7a3312fbf752a8f90a4375cd?s=96&d=mm&r=g","url":"https:\/\/secure.gravatar.com\/avatar\/11f8c6ff4d174e1ebef1d6401491d0892ff6534e7a3312fbf752a8f90a4375cd?s=96&d=mm&r=g","height":96,"width":96}},"publisher":{"@type":"Organization","name":"grubin.cz","logo":{"@type":"ImageObject","@id":"\/logo.png","url":"\/logo.png","width":600,"height":60}},"image":{"@type":"ImageObject","@id":"https:\/\/www.grubin.cz\/wp-content\/uploads\/sourozenci_10_5.jpg","url":"https:\/\/www.grubin.cz\/wp-content\/uploads\/sourozenci_10_5.jpg","height":0,"width":0},"url":"https:\/\/www.grubin.cz\/vzpominky-z-detstvi-jsou-dulezite\/","about":["D\u011bti"],"wordCount":427,"articleBody":"Kdy\u017e jsem byla mal\u00e1, tak jsem velice vzpom\u00ednala na svoje d\u011btstv\u00ed. Moje d\u011btstv\u00ed bylo velice kr\u00e1sn\u00e9, a to t\u00edm, \u017ee jsem hlavn\u011b m\u011bla oba rodi\u010de, proto\u017ee to je pro d\u011bti velice d\u016fle\u017eit\u00e9. Mysl\u00edm si, \u017ee d\u011bti, kter\u00e9 prost\u011b dva rodi\u010de nemaj\u00ed, tak o hodn\u011b p\u0159i\u0161ly, ale v \u017eivot\u011b se prost\u011b ned\u00e1 nic d\u011blat. \u017divot je takov\u00fd, jak\u00fd je, a rodi\u010de si nevyb\u00edr\u00e1me, rodi\u010de si vyb\u00edraj\u00ed n\u00e1s sv\u00fdm zp\u016fsobem, tak\u017ee neovlivn\u00edme to, zda spolu rodi\u010de z\u016fstanou, \u010di nikoliv, ale je pot\u0159eba sna\u017eit se spolu hezky vych\u00e1zet. Jeliko\u017e tento probl\u00e9m moji rodi\u010de nem\u011bli, proto\u017ee jsou cel\u00fd \u017eivot spolu, maj\u00ed \u00fa\u017easn\u00fd \u017eivot a jsem r\u00e1da, \u017ee jsem m\u011bla takov\u00e9 rodi\u010de, nevym\u011bnila bych je za nic v \u017eivot\u011b. Vzpom\u00edn\u00e1m si ale na to svoje kr\u00e1sn\u00e9 d\u011btstv\u00ed, kter\u00e9 jsem m\u011bla, proto\u017ee jsme byli v\u00edc takov\u00ed veden\u00ed k tomu, aby se po\u0159\u00e1daly oslavy, a to jak pro d\u011bti, tak i dosp\u011bl\u00e9, tak\u017ee jsme byli i hodn\u011b v kolektivu s moj\u00ed sestrou, proto\u017ee jsme prost\u011b byli zvykl\u00ed na ten v\u011bt\u0161\u00ed kolektiv, na ten v\u011bt\u0161\u00ed dav lid\u00ed. Mysl\u00edm si, \u017ee tohle d\u011btem i prosp\u00edv\u00e1, proto\u017ee pak ty d\u011bti nic nestr\u00e1daj\u00ed, um\u00ed se domluvit s kolektivem a nemaj\u00ed strach a nestyd\u00ed se. Takov\u00e1 jsem p\u0159esn\u011b byla j\u00e1 s moj\u00ed sestrou. Vzpom\u00edn\u00e1m si ale na to, kdy\u017e jsme d\u011blali ty narozeninov\u00e9 oslavy, proto\u017ee si mysl\u00edm, \u017ee pro d\u011bti jsou velice d\u016fle\u017eit\u00e9, a my jsme je m\u011bly hrozn\u011b r\u00e1dy s moj\u00ed sestrou, proto\u017ee jsme si je fakt u\u017e\u00edvaly. Pozvaly jsme si svoje kamar\u00e1dy, kdy\u017e jsme byly o trochu v\u011bt\u0161\u00ed, a bylo to hrozn\u011b fajn, proto\u017ee jsme poka\u017ed\u00e9 d\u011blaly chleb\u00ed\u010dky, a kdy\u017e jsme d\u011blaly chleb\u00ed\u010dky, tak jsme se u toho stra\u0161n\u011b nasm\u00e1li. Mysl\u00edm si, \u017ee hodn\u011b lid\u00ed, a hlavn\u011b i j\u00e1, m\u00e1m ty vzpom\u00ednky s moj\u00ed sestrou na to, kdy\u017e jsme fakt byly mal\u00e9 d\u011bti, a to je to nejkr\u00e1sn\u011bj\u0161\u00ed. Kdy\u017e si v t\u00e9 dosp\u011blosti te\u010f na to vzpomenu, tak m\u00e1m takov\u00fd ten kr\u00e1sn\u00fd pocit z toho, \u017ee na\u0161e d\u011btstv\u00ed bylo kr\u00e1sn\u00e9, a kdybych mohla, tak bych si je nejrad\u0161i zopakovala.                                                                                                                                                                                                                                                                                                                                                                                        4.8\/5 - (6 votes)        "},{"@context":"https:\/\/schema.org\/","@type":"BreadcrumbList","itemListElement":[{"@type":"ListItem","position":1,"name":"Vzpom\u00ednky z d\u011btstv\u00ed jsou d\u016fle\u017eit\u00e9","item":"https:\/\/www.grubin.cz\/vzpominky-z-detstvi-jsou-dulezite\/#breadcrumbitem"}]}]