{"@context":"https:\/\/schema.org\/","@type":"CollectionPage","@id":"https:\/\/www.grubin.cz\/veda\/#CollectionPage","headline":"V\u011bda Category","description":"","url":"https:\/\/www.grubin.cz\/veda\/","hasPart":[{"@type":"Article","@id":"https:\/\/www.grubin.cz\/muze-ockovani-zpusobit-autismus-ci-jine-poruchy\/","headline":"M\u016f\u017ee o\u010dkov\u00e1n\u00ed zp\u016fsobit autismus \u010di jin\u00e9 poruchy?","url":"https:\/\/www.grubin.cz\/muze-ockovani-zpusobit-autismus-ci-jine-poruchy\/","datePublished":"2024-06-03","dateModified":"2024-06-04","mainEntityOfPage":"https:\/\/www.grubin.cz\/muze-ockovani-zpusobit-autismus-ci-jine-poruchy\/","author":{"@type":"Person","@id":"https:\/\/www.grubin.cz\/author\/#Person","name":"","url":"https:\/\/www.grubin.cz\/author\/","identifier":1,"image":{"@type":"ImageObject","@id":"https:\/\/secure.gravatar.com\/avatar\/11f8c6ff4d174e1ebef1d6401491d0892ff6534e7a3312fbf752a8f90a4375cd?s=96&d=mm&r=g","url":"https:\/\/secure.gravatar.com\/avatar\/11f8c6ff4d174e1ebef1d6401491d0892ff6534e7a3312fbf752a8f90a4375cd?s=96&d=mm&r=g","height":96,"width":96}},"publisher":{"@type":"Organization","name":"grubin.cz","logo":{"@type":"ImageObject","@id":"\/logo.png","url":"\/logo.png","width":600,"height":60}},"image":{"@type":"ImageObject","@id":"https:\/\/www.grubin.cz\/wp-content\/uploads\/doktor1_1.jpg","url":"https:\/\/www.grubin.cz\/wp-content\/uploads\/doktor1_1.jpg","height":0,"width":0},"keywords":null},{"@type":"Article","@id":"https:\/\/www.grubin.cz\/studium-vedy\/","headline":"Studium v\u011bdy","url":"https:\/\/www.grubin.cz\/studium-vedy\/","datePublished":"2024-03-29","dateModified":"2024-03-29","mainEntityOfPage":"https:\/\/www.grubin.cz\/studium-vedy\/","author":{"@type":"Person","@id":"https:\/\/www.grubin.cz\/author\/#Person","name":"","url":"https:\/\/www.grubin.cz\/author\/","identifier":1,"image":{"@type":"ImageObject","@id":"https:\/\/secure.gravatar.com\/avatar\/11f8c6ff4d174e1ebef1d6401491d0892ff6534e7a3312fbf752a8f90a4375cd?s=96&d=mm&r=g","url":"https:\/\/secure.gravatar.com\/avatar\/11f8c6ff4d174e1ebef1d6401491d0892ff6534e7a3312fbf752a8f90a4375cd?s=96&d=mm&r=g","height":96,"width":96}},"publisher":{"@type":"Organization","name":"grubin.cz","logo":{"@type":"ImageObject","@id":"\/logo.png","url":"\/logo.png","width":600,"height":60}},"image":{"@type":"ImageObject","@id":"https:\/\/www.grubin.cz\/wp-content\/uploads\/chair-2354359_1280.jpg","url":"https:\/\/www.grubin.cz\/wp-content\/uploads\/chair-2354359_1280.jpg","height":0,"width":0},"keywords":null},{"@type":"Article","@id":"https:\/\/www.grubin.cz\/videli-stari-rekove-modrou-barvu\/","headline":"Vid\u011bli sta\u0159\u00ed \u0158ekov\u00e9 modrou barvu?","url":"https:\/\/www.grubin.cz\/videli-stari-rekove-modrou-barvu\/","datePublished":"2023-11-30","dateModified":"2023-11-30","mainEntityOfPage":"https:\/\/www.grubin.cz\/videli-stari-rekove-modrou-barvu\/","author":{"@type":"Person","@id":"https:\/\/www.grubin.cz\/author\/#Person","name":"","url":"https:\/\/www.grubin.cz\/author\/","identifier":1,"image":{"@type":"ImageObject","@id":"https:\/\/secure.gravatar.com\/avatar\/11f8c6ff4d174e1ebef1d6401491d0892ff6534e7a3312fbf752a8f90a4375cd?s=96&d=mm&r=g","url":"https:\/\/secure.gravatar.com\/avatar\/11f8c6ff4d174e1ebef1d6401491d0892ff6534e7a3312fbf752a8f90a4375cd?s=96&d=mm&r=g","height":96,"width":96}},"publisher":{"@type":"Organization","name":"grubin.cz","logo":{"@type":"ImageObject","@id":"\/logo.png","url":"\/logo.png","width":600,"height":60}},"image":{"@type":"ImageObject","@id":"https:\/\/www.grubin.cz\/wp-content\/uploads\/barvy1_1.jpg","url":"https:\/\/www.grubin.cz\/wp-content\/uploads\/barvy1_1.jpg","height":0,"width":0},"keywords":null},{"@type":"Article","@id":"https:\/\/www.grubin.cz\/proc-se-zeme-otaci\/","headline":"Pro\u010d se Zem\u011b ot\u00e1\u010d\u00ed","url":"https:\/\/www.grubin.cz\/proc-se-zeme-otaci\/","datePublished":"2023-11-08","dateModified":"2023-11-08","mainEntityOfPage":"https:\/\/www.grubin.cz\/proc-se-zeme-otaci\/","author":{"@type":"Person","@id":"https:\/\/www.grubin.cz\/author\/#Person","name":"","url":"https:\/\/www.grubin.cz\/author\/","identifier":1,"image":{"@type":"ImageObject","@id":"https:\/\/secure.gravatar.com\/avatar\/11f8c6ff4d174e1ebef1d6401491d0892ff6534e7a3312fbf752a8f90a4375cd?s=96&d=mm&r=g","url":"https:\/\/secure.gravatar.com\/avatar\/11f8c6ff4d174e1ebef1d6401491d0892ff6534e7a3312fbf752a8f90a4375cd?s=96&d=mm&r=g","height":96,"width":96}},"publisher":{"@type":"Organization","name":"grubin.cz","logo":{"@type":"ImageObject","@id":"\/logo.png","url":"\/logo.png","width":600,"height":60}},"image":{"@type":"ImageObject","@id":"https:\/\/www.grubin.cz\/wp-content\/uploads\/slunce3_8.jpg","url":"https:\/\/www.grubin.cz\/wp-content\/uploads\/slunce3_8.jpg","height":0,"width":0},"keywords":null},{"@type":"Article","@id":"https:\/\/www.grubin.cz\/jakou-vyhodu-budou-mit-zakladny-na-mesici\/","headline":"Jakou v\u00fdhodu budou m\u00edt z\u00e1kladny na M\u011bs\u00edci","url":"https:\/\/www.grubin.cz\/jakou-vyhodu-budou-mit-zakladny-na-mesici\/","datePublished":"2023-10-29","dateModified":"2023-10-29","mainEntityOfPage":"https:\/\/www.grubin.cz\/jakou-vyhodu-budou-mit-zakladny-na-mesici\/","author":{"@type":"Person","@id":"https:\/\/www.grubin.cz\/author\/#Person","name":"","url":"https:\/\/www.grubin.cz\/author\/","identifier":1,"image":{"@type":"ImageObject","@id":"https:\/\/secure.gravatar.com\/avatar\/11f8c6ff4d174e1ebef1d6401491d0892ff6534e7a3312fbf752a8f90a4375cd?s=96&d=mm&r=g","url":"https:\/\/secure.gravatar.com\/avatar\/11f8c6ff4d174e1ebef1d6401491d0892ff6534e7a3312fbf752a8f90a4375cd?s=96&d=mm&r=g","height":96,"width":96}},"publisher":{"@type":"Organization","name":"grubin.cz","logo":{"@type":"ImageObject","@id":"\/logo.png","url":"\/logo.png","width":600,"height":60}},"image":{"@type":"ImageObject","@id":"https:\/\/www.grubin.cz\/wp-content\/uploads\/mesic3_4.jpg","url":"https:\/\/www.grubin.cz\/wp-content\/uploads\/mesic3_4.jpg","height":0,"width":0},"keywords":null},{"@type":"Article","@id":"https:\/\/www.grubin.cz\/je-matematika-vynalezena-nebo-objevena\/","headline":"Je matematika vynalezena nebo objevena?","url":"https:\/\/www.grubin.cz\/je-matematika-vynalezena-nebo-objevena\/","datePublished":"2022-02-16","dateModified":"2022-02-16","mainEntityOfPage":"https:\/\/www.grubin.cz\/je-matematika-vynalezena-nebo-objevena\/","author":{"@type":"Person","@id":"https:\/\/www.grubin.cz\/author\/#Person","name":"","url":"https:\/\/www.grubin.cz\/author\/","identifier":1,"image":{"@type":"ImageObject","@id":"https:\/\/secure.gravatar.com\/avatar\/11f8c6ff4d174e1ebef1d6401491d0892ff6534e7a3312fbf752a8f90a4375cd?s=96&d=mm&r=g","url":"https:\/\/secure.gravatar.com\/avatar\/11f8c6ff4d174e1ebef1d6401491d0892ff6534e7a3312fbf752a8f90a4375cd?s=96&d=mm&r=g","height":96,"width":96}},"publisher":{"@type":"Organization","name":"grubin.cz","logo":{"@type":"ImageObject","@id":"\/logo.png","url":"\/logo.png","width":600,"height":60}},"image":{"@type":"ImageObject","@id":"https:\/\/www.grubin.cz\/wp-content\/uploads\/geometry-1023846_1280.jpg","url":"https:\/\/www.grubin.cz\/wp-content\/uploads\/geometry-1023846_1280.jpg","height":0,"width":0},"keywords":null}]}