[{"@context":"https:\/\/schema.org\/","@type":"Article","@id":"https:\/\/www.grubin.cz\/sen-o-vlastnim-obchode\/#Article","mainEntityOfPage":"https:\/\/www.grubin.cz\/sen-o-vlastnim-obchode\/","headline":"Sen o vlastn\u00edm obchod\u011b?","name":"Sen o vlastn\u00edm obchod\u011b?","description":"Dostali jste skv\u011bl\u00fd n\u00e1pad j\u00edt vlastn\u00ed cestou a d\u00e1t se na podnik\u00e1n\u00ed? V\u00e1\u0161 podnikatelsk\u00fd z\u00e1m\u011br je z oblasti ob\u010derstven\u00ed? Chcete nab\u00edzet vlastn\u00ed produkty, skv\u011bl\u00e9 kucha\u0159sk\u00e9 um\u011bn\u00ed, \u010di dom\u00e1c\u00ed zmrzlinu? V\u0161echno by bylo p\u0159ichystan\u00e9, jen se v\u00e1m necht\u011bj\u00ed pronaj\u00edmat drah\u00e9 prostory? A co takhle v\u00fdroba st\u00e1nk\u016f? P\u0159\u00edmo na m\u00edru, spln\u011bn\u00e9 va\u0161e p\u0159edstavy, v\u0161e \u0159\u00edkaj\u00edc\u00ed polep a ... <a title=\"Sen o vlastn\u00edm obchod\u011b?\" class=\"read-more\" href=\"https:\/\/www.grubin.cz\/sen-o-vlastnim-obchode\/\">Read more<span class=\"screen-reader-text\">Sen o vlastn\u00edm obchod\u011b?<\/span><\/a>","datePublished":"2023-09-07","dateModified":"2023-09-07","author":{"@type":"Person","@id":"https:\/\/www.grubin.cz\/author\/#Person","name":"","url":"https:\/\/www.grubin.cz\/author\/","identifier":1,"image":{"@type":"ImageObject","@id":"https:\/\/secure.gravatar.com\/avatar\/11f8c6ff4d174e1ebef1d6401491d0892ff6534e7a3312fbf752a8f90a4375cd?s=96&d=mm&r=g","url":"https:\/\/secure.gravatar.com\/avatar\/11f8c6ff4d174e1ebef1d6401491d0892ff6534e7a3312fbf752a8f90a4375cd?s=96&d=mm&r=g","height":96,"width":96}},"publisher":{"@type":"Organization","name":"grubin.cz","logo":{"@type":"ImageObject","@id":"\/logo.png","url":"\/logo.png","width":600,"height":60}},"url":"https:\/\/www.grubin.cz\/sen-o-vlastnim-obchode\/","wordCount":238,"articleBody":"Dostali jste skv\u011bl\u00fd n\u00e1pad j\u00edt vlastn\u00ed cestou a d\u00e1t se na podnik\u00e1n\u00ed? V\u00e1\u0161 podnikatelsk\u00fd z\u00e1m\u011br je z oblasti ob\u010derstven\u00ed? Chcete nab\u00edzet vlastn\u00ed produkty, skv\u011bl\u00e9 kucha\u0159sk\u00e9 um\u011bn\u00ed, \u010di dom\u00e1c\u00ed zmrzlinu? V\u0161echno by bylo p\u0159ichystan\u00e9, jen se v\u00e1m necht\u011bj\u00ed pronaj\u00edmat drah\u00e9 prostory? A co takhle v\u00fdroba st\u00e1nk\u016f? P\u0159\u00edmo na m\u00edru, spln\u011bn\u00e9 va\u0161e p\u0159edstavy, v\u0161e \u0159\u00edkaj\u00edc\u00ed polep a k tomu i pot\u0159ebn\u00e9 p\u0159\u00edslu\u0161enstv\u00ed. Vkusn\u00e9 a vhodn\u00e9 na tr\u017enice, k letn\u00edmu koupali\u0161ti, \u010di na jin\u00e9 m\u00edsta, kde o z\u00e1kazn\u00edky nebude nouze. A co je d\u016fle\u017eit\u00e9, tento prostor bude jenom v\u00e1\u0161.Z\u00edsk\u00e1te i kvalitn\u00ed servisV\u00fdroba st\u00e1nk\u016f doru\u010den\u00edm z\u00e1kazn\u00edkovi nekon\u010d\u00ed. Vyslou\u017e\u00edte si i kompletn\u00ed a kvalitn\u00ed servis, kter\u00fd zajist\u00e9 ocen\u00edte. O dopravu bude postar\u00e1no, tak\u017ee s vykl\u00e1dkou si nebudete muset d\u011blat starosti. Dodavatel se postar\u00e1 i o instalaci a napojen\u00ed p\u0159\u00edmo na p\u0159\u00edpojku. Nem\u00e1te pot\u0159ebn\u00e9 poji\u0161t\u011bn\u00ed? I o to bude p\u0159edem postar\u00e1no, v\u010detn\u011b nap\u0159\u00edklad atestace na po\u017e\u00e1rn\u00ed odolnost. Krom\u011b toho bude v\u00e1\u0161 obchodn\u00ed prostor spl\u0148ovat v\u0161echny hygienick\u00e9 po\u017eadavky. Te\u010f u\u017e se m\u016f\u017eete pustit do uha\u0161en\u00ed hladu a \u017e\u00edzn\u011b sv\u00fdch z\u00e1kazn\u00edk\u016f.                                                                                                                                                                                                                                                                                                                                                                                        4.2\/5 - (9 votes)        "},{"@context":"https:\/\/schema.org\/","@type":"BreadcrumbList","itemListElement":[{"@type":"ListItem","position":1,"name":"Sen o vlastn\u00edm obchod\u011b?","item":"https:\/\/www.grubin.cz\/sen-o-vlastnim-obchode\/#breadcrumbitem"}]}]