[{"@context":"https:\/\/schema.org\/","@type":"Article","@id":"https:\/\/www.grubin.cz\/pozor-na-zabradli\/#Article","mainEntityOfPage":"https:\/\/www.grubin.cz\/pozor-na-zabradli\/","headline":"Pozor na z\u00e1bradl\u00ed","name":"Pozor na z\u00e1bradl\u00ed","description":"V\u0161ichni v\u00edme, \u017ee bezpe\u010dnost je poka\u017ed\u00e9 na prvn\u00edm m\u00edst\u011b. Tedy alespo\u0148 u m\u011b to takhle plat\u00ed. V\u017edycky chci, aby u n\u00e1s doma to bylo v\u017edy bezpe\u010dn\u00e9. Cht\u011bla jsem, abychom m\u011bli u na\u0161eho schodi\u0161t\u011b opravdu kvalitn\u00ed z\u00e1bradl\u00ed. A nepochybn\u011b tak\u00e9 samoz\u0159ejm\u011b z\u00e1bradl\u00ed na balkon. Pokud i vy sh\u00e1n\u00edte kvalitn\u00ed a kr\u00e1sn\u00e9 z\u00e1bradl\u00ed na balkon, tak se ... <a title=\"Pozor na z\u00e1bradl\u00ed\" class=\"read-more\" href=\"https:\/\/www.grubin.cz\/pozor-na-zabradli\/\">Read more<span class=\"screen-reader-text\">Pozor na z\u00e1bradl\u00ed<\/span><\/a>","datePublished":"2024-08-05","dateModified":"2024-08-05","author":{"@type":"Person","@id":"https:\/\/www.grubin.cz\/author\/#Person","name":"","url":"https:\/\/www.grubin.cz\/author\/","identifier":1,"image":{"@type":"ImageObject","@id":"https:\/\/secure.gravatar.com\/avatar\/11f8c6ff4d174e1ebef1d6401491d0892ff6534e7a3312fbf752a8f90a4375cd?s=96&d=mm&r=g","url":"https:\/\/secure.gravatar.com\/avatar\/11f8c6ff4d174e1ebef1d6401491d0892ff6534e7a3312fbf752a8f90a4375cd?s=96&d=mm&r=g","height":96,"width":96}},"publisher":{"@type":"Organization","name":"grubin.cz","logo":{"@type":"ImageObject","@id":"\/logo.png","url":"\/logo.png","width":600,"height":60}},"image":{"@type":"ImageObject","@id":"https:\/\/www.grubin.cz\/wp-content\/uploads\/lost-places-3971347_960_720_1.jpg","url":"https:\/\/www.grubin.cz\/wp-content\/uploads\/lost-places-3971347_960_720_1.jpg","height":0,"width":0},"url":"https:\/\/www.grubin.cz\/pozor-na-zabradli\/","about":["Produkty"],"wordCount":430,"articleBody":"   V\u0161ichni v\u00edme, \u017ee bezpe\u010dnost je poka\u017ed\u00e9 na prvn\u00edm m\u00edst\u011b. Tedy alespo\u0148 u m\u011b to takhle plat\u00ed. V\u017edycky chci, aby u n\u00e1s doma to bylo v\u017edy bezpe\u010dn\u00e9. Cht\u011bla jsem, abychom m\u011bli u na\u0161eho schodi\u0161t\u011b opravdu kvalitn\u00ed z\u00e1bradl\u00ed. A nepochybn\u011b tak\u00e9 samoz\u0159ejm\u011b z\u00e1bradl\u00ed na balkon. Pokud i vy sh\u00e1n\u00edte kvalitn\u00ed a kr\u00e1sn\u00e9 z\u00e1bradl\u00ed na balkon, tak se pod\u00edvejte na webov\u00e9 str\u00e1nky kmdesign.cz. Tady najdete opravdu v\u0161echno pot\u0159ebn\u00e9. To, co pot\u0159ebujete k z\u00e1bradl\u00ed. Z\u00e1bradl\u00ed na balkon se v\u00e1m v\u017edycky vyplat\u00ed. J\u00e1 tedy sama za sebe nedoporu\u010duji, abyste m\u011bli balkon bez z\u00e1bradl\u00ed. Nav\u00edc to ani nevypad\u00e1 dob\u0159e. Ani si nechci domyslet, co by se stalo, kdyby na tento balkon \u0161lo mal\u00e9 d\u00edt\u011b. A kdyby na tomto balkonu nebylo v\u016fbec \u017e\u00e1dn\u00e9 z\u00e1bradl\u00ed. Vy si dok\u00e1\u017eete p\u0159edstavit tu pohromu? Bylo by to opravdu hrozn\u00e9. Ani na to nechci myslet, proto si mysl\u00edm, \u017ee prvn\u00ed my\u0161lenka na balkon by m\u011bla b\u00fdt na z\u00e1bradl\u00ed. A vlastn\u011b to nen\u00ed nebezpe\u010dn\u00e9 jenom pro mal\u00e9 d\u011bti. I pro zv\u00ed\u0159ata je to nebezpe\u010dn\u00e9. A co potom pro lidi? Pro dosp\u011bl\u00e9 lidi. Vezm\u011bte si, \u017ee budete d\u011blat na balkon\u011b, nebo u v\u00e1s doma n\u011bjakou p\u00e1rty? N\u011bkdo p\u0159i opil\u00fd k v\u00e1m p\u016fjde na balkon. A kdy\u017e na balkon\u011b nebude z\u00e1bradl\u00ed, tak to potom m\u016f\u017ee b\u00fdt opravdu velik\u00e1 katastrofa. Opravdu na tohle nechci myslet. Nav\u00edc si opravdu prima, \u017ee si m\u016f\u017eete vybrat typ a druh z\u00e1bradl\u00ed na balkon. M\u016f\u017eete m\u00edt kovov\u00e9 a \u017eelezn\u00e9 z\u00e1bradl\u00ed na balkon. Nebo tak\u00e9 m\u016f\u017eete m\u00edt d\u0159ev\u011bn\u00e9 anebo plastov\u00e9 z\u00e1bradl\u00ed na balkon. J\u00e1 osobn\u011b se moc l\u00edb\u00ed d\u0159ev\u011bn\u00e9 z\u00e1bradl\u00ed my u n\u00e1s na balkon\u011b m\u00e1me d\u0159ev\u011bn\u00e9 z\u00e1bradl\u00ed. D\u0159ev\u011bn\u00e9 z\u00e1bradl\u00ed m\u00e1me tak\u00e9 v interi\u00e9ru. Ale samoz\u0159ejm\u011b, \u017ee v\u00e1m nechci radit. Ka\u017ed\u00fd se rozhodne tak jak se mu to l\u00edb\u00ed, ale i kdybych nem\u011bla na kvalitn\u00ed d\u0159ev\u011bn\u00e9 z\u00e1bradl\u00ed, tak bych si tam dala alespo\u0148 n\u011bco. N\u011bco takov\u00e9ho, co zabr\u00e1n\u00ed p\u00e1du. Spadnout m\u016f\u017ee jak d\u00edt\u011b, tak dosp\u011bl\u00fd \u010dlov\u011bk a samoz\u0159ejm\u011b i n\u011bjak\u00e9 zv\u00ed\u0159e. Z\u00e1bradl\u00ed na balkon m\u016f\u017ee m\u00edt r\u016fznou barvu.                                                                                                                                                                                                                                                                                                                                                                                           4.6\/5 - (7 votes)        "},{"@context":"https:\/\/schema.org\/","@type":"BreadcrumbList","itemListElement":[{"@type":"ListItem","position":1,"name":"Pozor na z\u00e1bradl\u00ed","item":"https:\/\/www.grubin.cz\/pozor-na-zabradli\/#breadcrumbitem"}]}]