[{"@context":"https:\/\/schema.org\/","@type":"Article","@id":"https:\/\/www.grubin.cz\/moc-a-odpovednost-v-politice\/#Article","mainEntityOfPage":"https:\/\/www.grubin.cz\/moc-a-odpovednost-v-politice\/","headline":"Moc a odpov\u011bdnost v politice","name":"Moc a odpov\u011bdnost v politice","description":"Kdy\u017e se \u0159ekne pojem politika, v\u011bt\u0161ina lid\u00ed si p\u0159edstav\u00ed h\u00e1dky ve Sn\u011bmovn\u011b, skand\u00e1ly a sliby, kter\u00e9 nikdy nebyly spln\u011bny.\u00a0\u010cesk\u00e1 politick\u00e1 kultura se za posledn\u00edch t\u0159icet let sice vyv\u00edjela, ale d\u016fv\u011bra ob\u010dan\u016f v politiky st\u00e1le z\u016fst\u00e1v\u00e1 n\u00edzk\u00e1, nebo mo\u017en\u00e1 ni\u017e\u0161\u00ed, ne\u017e byla p\u0159ed 10 lety.\u00a0Pro\u010d tomu tak je?\u00a0A d\u00e1 se s t\u00edm v\u016fbec n\u011bco d\u011blat?\u00a0Pokud se ... <a title=\"Moc a odpov\u011bdnost v politice\" class=\"read-more\" href=\"https:\/\/www.grubin.cz\/moc-a-odpovednost-v-politice\/\">Read more<span class=\"screen-reader-text\">Moc a odpov\u011bdnost v politice<\/span><\/a>","datePublished":"2024-04-12","dateModified":"2024-04-12","author":{"@type":"Person","@id":"https:\/\/www.grubin.cz\/author\/#Person","name":"","url":"https:\/\/www.grubin.cz\/author\/","identifier":1,"image":{"@type":"ImageObject","@id":"https:\/\/secure.gravatar.com\/avatar\/11f8c6ff4d174e1ebef1d6401491d0892ff6534e7a3312fbf752a8f90a4375cd?s=96&d=mm&r=g","url":"https:\/\/secure.gravatar.com\/avatar\/11f8c6ff4d174e1ebef1d6401491d0892ff6534e7a3312fbf752a8f90a4375cd?s=96&d=mm&r=g","height":96,"width":96}},"publisher":{"@type":"Organization","name":"grubin.cz","logo":{"@type":"ImageObject","@id":"\/logo.png","url":"\/logo.png","width":600,"height":60}},"image":{"@type":"ImageObject","@id":"https:\/\/www.grubin.cz\/wp-content\/uploads\/czech-republic-990327_640.png","url":"https:\/\/www.grubin.cz\/wp-content\/uploads\/czech-republic-990327_640.png","height":0,"width":0},"url":"https:\/\/www.grubin.cz\/moc-a-odpovednost-v-politice\/","about":["Politika"],"wordCount":395,"articleBody":"Kdy\u017e se \u0159ekne pojem politika, v\u011bt\u0161ina lid\u00ed si p\u0159edstav\u00ed h\u00e1dky ve Sn\u011bmovn\u011b, skand\u00e1ly a sliby, kter\u00e9 nikdy nebyly spln\u011bny.\u00a0\u010cesk\u00e1 politick\u00e1 kultura se za posledn\u00edch t\u0159icet let sice vyv\u00edjela, ale d\u016fv\u011bra ob\u010dan\u016f v politiky st\u00e1le z\u016fst\u00e1v\u00e1 n\u00edzk\u00e1, nebo mo\u017en\u00e1 ni\u017e\u0161\u00ed, ne\u017e byla p\u0159ed 10 lety.\u00a0Pro\u010d tomu tak je?\u00a0A d\u00e1 se s t\u00edm v\u016fbec n\u011bco d\u011blat?\u00a0Pokud se nad probl\u00e9mem trochu v\u00edce zamysl\u00edme, tak je mo\u017en\u00e9 \u0159\u00edci, \u017ee jedn\u00edm z hlavn\u00edch probl\u00e9m\u016f \u010desk\u00e9 politiky je neochota politik\u016f p\u0159iznat chybu.\u00a0Kdy\u017e se n\u011bco nepovede, m\u00edsto jasn\u00e9ho p\u0159ijet\u00ed odpov\u011bdnosti \u010dasto sly\u0161\u00edme v\u00fdmluvy nebo p\u0159ehazov\u00e1n\u00ed viny na opozici, m\u00e9dia nebo \u201eobjektivn\u00ed okolnosti\u201c.\u00a0A pr\u00e1v\u011b to lidi od politiky odrazuje, proto\u017ee m\u00edsto vzd\u011blan\u00fdch lid\u00ed, kte\u0159\u00ed se maj\u00ed starat o blaho sv\u00e9 zem\u011b ob\u010dan\u00e9 vid\u00ed jen \u0161a\u0161ky.\u00a0A to nen\u00ed v\u0161e.\u00a0M\u00edsto konstruktivn\u00ed debaty \u010dasto sledujeme osobn\u00ed \u00fatoky a neust\u00e1l\u00e9 soupe\u0159en\u00ed, kter\u00e9 nem\u00e1 s hled\u00e1n\u00edm \u0159e\u0161en\u00ed nic spole\u010dn\u00e9ho.\u00a0Politici \u010dasto spol\u00e9haj\u00ed na to, \u017ee ostr\u00e1 slova, vulgarismy, zvednut\u00e9 prost\u0159edn\u00ed\u010dky a dal\u0161\u00ed emotivn\u00ed projevy jim p\u0159inesou podporu voli\u010d\u016f.\u00a0Jen\u017ee ve v\u00fdsledku to sp\u00ed\u0161 vede k dal\u0161\u00edmu znechucen\u00ed ve\u0159ejnosti, kter\u00e1 se pot\u00e9 projevuje ne\u00fa\u010dast\u00ed na volb\u00e1ch.\u00a0Existuje tedy v t\u00e9to problematice n\u011bjak\u00e9 \u0159e\u0161en\u00ed?\u00a0Je pot\u0159eba si uv\u011bdomit, \u017ee cesta ke zm\u011bn\u011b nen\u00ed snadn\u00e1, ale ur\u010dit\u011b existuje.\u00a0Kl\u00ed\u010dovou roli v tomto procesu hraj\u00ed samotn\u00ed voli\u010di.\u00a0Pokud budou toti\u017e po\u017eadovat v\u011bt\u0161\u00ed odpov\u011bdnost a m\u00e9n\u011b populismu, politici se tomu budou muset d\u0159\u00edve \u010di pozd\u011bji p\u0159izp\u016fsobit.\u00a0Zm\u011bna ale mus\u00ed p\u0159ij\u00edt i od samotn\u00fdch politick\u00fdch stran, kter\u00e9 by m\u011bly kl\u00e1st v\u011bt\u0161\u00ed d\u016fraz na kvalitu kandid\u00e1t\u016f, a nejen na jejich schopnost \u201eprodat se\u201c ve volb\u00e1ch.\u00a0\u010cesk\u00e1 politika m\u00e1 \u0161anci se v budoucnosti posunout k lep\u0161\u00edmu.\u00a0Ale jen pokud se p\u0159estaneme smi\u0159ovat s t\u00edm, \u017ee \u201etak to prost\u011b chod\u00ed\u201c a budeme se sna\u017eit v\u0161ichni to n\u011bjak zm\u011bnit.\u00a0Samo od sebe to toti\u017e nep\u016fjde.\u00a0                                                                                                                                                                                                                                                                                                                                                                                        3.7\/5 - (8 votes)        "},{"@context":"https:\/\/schema.org\/","@type":"BreadcrumbList","itemListElement":[{"@type":"ListItem","position":1,"name":"Moc a odpov\u011bdnost v politice","item":"https:\/\/www.grubin.cz\/moc-a-odpovednost-v-politice\/#breadcrumbitem"}]}]