[{"@context":"https:\/\/schema.org\/","@type":"Article","@id":"https:\/\/www.grubin.cz\/jakou-vyhodu-budou-mit-zakladny-na-mesici\/#Article","mainEntityOfPage":"https:\/\/www.grubin.cz\/jakou-vyhodu-budou-mit-zakladny-na-mesici\/","headline":"Jakou v\u00fdhodu budou m\u00edt z\u00e1kladny na M\u011bs\u00edci","name":"Jakou v\u00fdhodu budou m\u00edt z\u00e1kladny na M\u011bs\u00edci","description":"V\u00fdzkum vesm\u00edru pokra\u010duje neust\u00e1le d\u00e1l. Ji\u017e nyn\u00ed se pl\u00e1nuj\u00ed projekty, kter\u00e9 by se m\u011bly uskute\u010dnit v\u00a0nadch\u00e1zej\u00edc\u00edm desetilet\u00ed. A jedn\u00edm z\u00a0nich je i vybudov\u00e1n\u00ed z\u00e1kladny na M\u011bs\u00edci. Jej\u00edm p\u0159edvojem je sou\u010dasn\u00fd projekt Artemis, kter\u00fd op\u011bt vy\u0161le na na\u0161i ob\u011b\u017enici lidskou pos\u00e1dku. Ta zde bude postupn\u011b budovat z\u00e1klady budouc\u00ed stanice. Ta bude po sv\u00e9m dokon\u010den\u00ed fungovat podobn\u011b, ... <a title=\"Jakou v\u00fdhodu budou m\u00edt z\u00e1kladny na M\u011bs\u00edci\" class=\"read-more\" href=\"https:\/\/www.grubin.cz\/jakou-vyhodu-budou-mit-zakladny-na-mesici\/\">Read more<span class=\"screen-reader-text\">Jakou v\u00fdhodu budou m\u00edt z\u00e1kladny na M\u011bs\u00edci<\/span><\/a>","datePublished":"2023-10-29","dateModified":"2023-10-29","author":{"@type":"Person","@id":"https:\/\/www.grubin.cz\/author\/#Person","name":"","url":"https:\/\/www.grubin.cz\/author\/","identifier":1,"image":{"@type":"ImageObject","@id":"https:\/\/secure.gravatar.com\/avatar\/11f8c6ff4d174e1ebef1d6401491d0892ff6534e7a3312fbf752a8f90a4375cd?s=96&d=mm&r=g","url":"https:\/\/secure.gravatar.com\/avatar\/11f8c6ff4d174e1ebef1d6401491d0892ff6534e7a3312fbf752a8f90a4375cd?s=96&d=mm&r=g","height":96,"width":96}},"publisher":{"@type":"Organization","name":"grubin.cz","logo":{"@type":"ImageObject","@id":"\/logo.png","url":"\/logo.png","width":600,"height":60}},"image":{"@type":"ImageObject","@id":"https:\/\/www.grubin.cz\/wp-content\/uploads\/mesic3_4.jpg","url":"https:\/\/www.grubin.cz\/wp-content\/uploads\/mesic3_4.jpg","height":0,"width":0},"url":"https:\/\/www.grubin.cz\/jakou-vyhodu-budou-mit-zakladny-na-mesici\/","about":["V\u011bda"],"wordCount":424,"articleBody":"V\u00fdzkum vesm\u00edru pokra\u010duje neust\u00e1le d\u00e1l. Ji\u017e nyn\u00ed se pl\u00e1nuj\u00ed projekty, kter\u00e9 by se m\u011bly uskute\u010dnit v\u00a0nadch\u00e1zej\u00edc\u00edm desetilet\u00ed. A jedn\u00edm z\u00a0nich je i vybudov\u00e1n\u00ed z\u00e1kladny na M\u011bs\u00edci. Jej\u00edm p\u0159edvojem je sou\u010dasn\u00fd projekt Artemis, kter\u00fd op\u011bt vy\u0161le na na\u0161i ob\u011b\u017enici lidskou pos\u00e1dku. Ta zde bude postupn\u011b budovat z\u00e1klady budouc\u00ed stanice. Ta bude po sv\u00e9m dokon\u010den\u00ed fungovat podobn\u011b, jako dnes Mezin\u00e1rodn\u00ed vesm\u00edrn\u00e1 stanice.\u00a0Je v\u0161ak jasn\u00e9, \u017ee lid\u00e9 maj\u00ed pochyby o tom, co n\u00e1m vlastn\u011b mohou takov\u00e9to z\u00e1kladny d\u00e1t, a k\u00a0\u010demu jsou v\u016fbec dobr\u00e9. Jist\u011b, p\u0159istaneme na M\u011bs\u00edci, av\u0161ak prozat\u00edm se rozhodn\u011b nepl\u00e1nuje jejich komer\u010dn\u00ed vyu\u017eit\u00ed, co\u017e znamen\u00e1, \u017ee b\u011b\u017en\u00fd \u010dlov\u011bk se tam nedostane, a jeho \u017eivot se t\u00edm nijak nezm\u011bn\u00ed. Pro\u010d se tedy jedn\u00e1 o tak d\u016fle\u017eit\u00fd projekt? Ve skute\u010dnosti hned z\u00a0n\u011bkolika d\u016fvod\u016f.\u00a0\u00a0T\u00edm prvn\u00edm je fakt, \u017ee se v\u00a0podstat\u011b jedn\u00e1 o p\u0159edvoj kolonizace jin\u00fdch planet. Zde si m\u016f\u017eeme relativn\u011b bezpe\u010dn\u011b vyzkou\u0161et technologie, kter\u00e9 bychom cht\u011bli p\u0159i kolonizaci pou\u017e\u00edt. A pokud chceme jako druh p\u0159e\u017e\u00edt, nic jin\u00e9ho ne\u017e kolonizovat jin\u00e9 planety n\u00e1m nezbude.\u00a0D\u00e1le se t\u00edm tak\u00e9 zlep\u0161\u00ed na\u0161e mo\u017enosti v\u00fdzkumu vesm\u00edru. V\u00a0prvn\u00ed \u0159ad\u011b budou moci nyn\u00ed v\u011bdci pracovat s\u00a0m\u011bs\u00ed\u010dn\u00edmi vzorky p\u0159\u00edmo na stanici. Bude mo\u017en\u00e9 nap\u0159\u00edklad prov\u00e1d\u011bt vrty, a tak se o na\u0161\u00ed ob\u011b\u017enici dozv\u00edme mnohem v\u00edce, ne\u017e kdy d\u0159\u00edve. Tak\u00e9 sb\u00edr\u00e1n\u00ed vzork\u016f bude mnohem jednodu\u0161\u0161\u00ed, nebo\u0165 nebudeme omezeni pouze na bl\u00edzk\u00e9 okol\u00ed p\u0159ist\u00e1vac\u00ed plochy, n\u00fdbr\u017e budou mo\u017en\u00e9 i del\u0161\u00ed v\u00fdpravy.\u00a0\u00a0Tak\u00e9 nesm\u00edme zapom\u00ednat, \u017ee na M\u011bs\u00edci nebude \u017e\u00e1dn\u00e9 sv\u011bteln\u00e9 zne\u010di\u0161t\u011bn\u00ed a ani atmosf\u00e9ra, kter\u00e1 by svou refrakc\u00ed pozorov\u00e1n\u00ed zkreslovala. Teleskopy zde um\u00edst\u011bn\u00e9 n\u00e1m tak mohou d\u00e1t mnohem lep\u0161\u00ed a kvalitn\u011bj\u0161\u00ed pozorov\u00e1n\u00ed vzd\u00e1len\u00e9ho vesm\u00edru, ne\u017e kdy d\u0159\u00edve.\u00a0Je tedy bez debaty, \u017ee jde o velmi d\u016fle\u017eit\u00fd projekt, kter\u00fd bude p\u0159edzv\u011bst\u00ed mnoha dal\u0161\u00edch, a kter\u00fd v\u00a0dlouhodob\u00e9m horizontu pom\u016f\u017ee lidsk\u00e9mu druhu p\u0159e\u017e\u00edt. A na to bychom se m\u011bli zam\u011b\u0159it p\u0159edev\u0161\u00edm.                                                                                                                                                                                                                                                                                                                                                                                        4.7\/5 - (7 votes)        "},{"@context":"https:\/\/schema.org\/","@type":"BreadcrumbList","itemListElement":[{"@type":"ListItem","position":1,"name":"Jakou v\u00fdhodu budou m\u00edt z\u00e1kladny na M\u011bs\u00edci","item":"https:\/\/www.grubin.cz\/jakou-vyhodu-budou-mit-zakladny-na-mesici\/#breadcrumbitem"}]}]