[{"@context":"https:\/\/schema.org\/","@type":"Article","@id":"https:\/\/www.grubin.cz\/inu-mlcici-vetsina\/#Article","mainEntityOfPage":"https:\/\/www.grubin.cz\/inu-mlcici-vetsina\/","headline":"Inu, ml\u010d\u00edc\u00ed v\u011bt\u0161ina","name":"Inu, ml\u010d\u00edc\u00ed v\u011bt\u0161ina","description":"Kdy\u017e \u010dlov\u011bk n\u00e1s \u010cechy hlavn\u011b v\u00a0posledn\u00edch letech poslouch\u00e1, dosp\u011bje lehce k\u00a0n\u00e1zoru, \u017ee jsme nebo\u017e\u00e1ci, kter\u00fdm se ubli\u017euje na ka\u017ed\u00e9m kroku. A hlavn\u011b by si z\u00a0panuj\u00edc\u00ed n\u00e1lady, kterou m\u016f\u017eeme vn\u00edmat, mohl n\u011bkdo lehce vydedukovat, \u017ee je n\u00e1\u0161 n\u00e1rod tr\u00e1pen hladem a b\u00eddou, kter\u00e9 jsou nesnesiteln\u00e9. Mysl\u00edm, \u017ee z\u00a0n\u00e1s takov\u00fd pocit budete m\u00edt tak\u00e9. Jist\u011b, d\u0159\u00edve se ... <a title=\"Inu, ml\u010d\u00edc\u00ed v\u011bt\u0161ina\" class=\"read-more\" href=\"https:\/\/www.grubin.cz\/inu-mlcici-vetsina\/\">Read more<span class=\"screen-reader-text\">Inu, ml\u010d\u00edc\u00ed v\u011bt\u0161ina<\/span><\/a>","datePublished":"2024-01-29","dateModified":"2024-01-29","author":{"@type":"Person","@id":"https:\/\/www.grubin.cz\/author\/#Person","name":"","url":"https:\/\/www.grubin.cz\/author\/","identifier":1,"image":{"@type":"ImageObject","@id":"https:\/\/secure.gravatar.com\/avatar\/11f8c6ff4d174e1ebef1d6401491d0892ff6534e7a3312fbf752a8f90a4375cd?s=96&d=mm&r=g","url":"https:\/\/secure.gravatar.com\/avatar\/11f8c6ff4d174e1ebef1d6401491d0892ff6534e7a3312fbf752a8f90a4375cd?s=96&d=mm&r=g","height":96,"width":96}},"publisher":{"@type":"Organization","name":"grubin.cz","logo":{"@type":"ImageObject","@id":"\/logo.png","url":"\/logo.png","width":600,"height":60}},"image":{"@type":"ImageObject","@id":"https:\/\/www.grubin.cz\/wp-content\/uploads\/000000.jpg","url":"https:\/\/www.grubin.cz\/wp-content\/uploads\/000000.jpg","height":0,"width":0},"url":"https:\/\/www.grubin.cz\/inu-mlcici-vetsina\/","about":["Spole\u010dnost"],"wordCount":446,"articleBody":"Kdy\u017e \u010dlov\u011bk n\u00e1s \u010cechy hlavn\u011b v\u00a0posledn\u00edch letech poslouch\u00e1, dosp\u011bje lehce k\u00a0n\u00e1zoru, \u017ee jsme nebo\u017e\u00e1ci, kter\u00fdm se ubli\u017euje na ka\u017ed\u00e9m kroku. A hlavn\u011b by si z\u00a0panuj\u00edc\u00ed n\u00e1lady, kterou m\u016f\u017eeme vn\u00edmat, mohl n\u011bkdo lehce vydedukovat, \u017ee je n\u00e1\u0161 n\u00e1rod tr\u00e1pen hladem a b\u00eddou, kter\u00e9 jsou nesnesiteln\u00e9.Mysl\u00edm, \u017ee z\u00a0n\u00e1s takov\u00fd pocit budete m\u00edt tak\u00e9. Jist\u011b, d\u0159\u00edve se u n\u00e1s lamentovalo v\u00edc a kritik\u016fm u\u017e z\u0159ejm\u011b trochu doch\u00e1zej\u00ed s\u00edly, ale po\u0159\u00e1d je tu dost t\u011bch, kdo sp\u00edlaj\u00ed dne\u0161n\u00ed vl\u00e1d\u011b za to, \u017ee nen\u00ed takov\u00e1, jak\u00e1 byla ta minul\u00e1. A docela \u010dast\u00e9 jsou i n\u00e1zory, \u017ee by m\u011bla dne\u0161n\u00ed vl\u00e1da odstoupit, proto\u017ee d\u011bl\u00e1 v\u0161echno \u0161patn\u011b, a pr\u00e1v\u011b ona m\u016f\u017ee za to, jak t\u011b\u017eko se n\u00e1m lidem \u017eije.Ale podle zji\u0161t\u011bn\u00ed Centra pro v\u00fdzkum ve\u0159ejn\u00e9ho m\u00edn\u011bn\u00ed (CVVM), kter\u00e9mu v\u00a0tomto ohledu pom\u011brn\u011b d\u016fv\u011b\u0159uji, je u n\u00e1s situace pon\u011bkud odli\u0161n\u00e1. A to docela dost. Skoro t\u0159i \u010dtvrtiny n\u00e1s \u010cech\u016f jsou podle tohoto zji\u0161t\u011bn\u00ed spokojen\u00e9 se sv\u00fdm \u017eivotem, skoro ka\u017ed\u00fd p\u00e1t\u00fd je nav\u00edc velmi spokojen a nadpolovi\u010dn\u00ed v\u011bt\u0161ina je sp\u00ed\u0161e spokojen\u00e1, zat\u00edmco nespokojen\u00fdch je pouh\u00fdch osm procent. A asi p\u011btina z\u00a0n\u00e1s nev\u00ed, jak se c\u00edt\u00ed.Pocit spokojenosti se sice trochu vytratil, t\u011bch spokojen\u00fdch je o n\u011bjak\u00e9 to procento men\u0161\u00ed ne\u017e v\u00a0posledn\u00edch dvou letech, ale vypad\u00e1 to dob\u0159e.A rovnou k\u00a0tomu m\u016f\u017eeme p\u0159idat i informaci od agentury NMS Market Research, podle kter\u00e9 roste podpora ODS, strany, o kter\u00e9 m\u016f\u017eeme nej\u010dast\u011bji v\u00a0souvislosti s\u00a0dne\u0161n\u00ed situac\u00ed sly\u0161et kdeco, jenom ne chv\u00e1lu. A by\u0165 nen\u00ed nejsiln\u011bj\u0161\u00ed stranou, da\u0159\u00ed se j\u00ed l\u00edp ne\u017e v\u011bt\u0161in\u011b populist\u016f.Tak\u017ee situace fakticky nevypad\u00e1 tak \u0161patn\u011b, jak ji m\u016f\u017eeme vn\u00edmat, kdy\u017e se pod\u00edv\u00e1me t\u0159eba na Facebook a jin\u00e1 semeni\u0161t\u011b kritik\u016f \u201akrut\u00e9ho\u2018 vl\u00e1dnouc\u00edho re\u017eimu. Nem\u00e1me se dokonale, ale m\u00e1me se tak, \u017ee m\u016f\u017eeme b\u00fdt a jsme p\u0159ev\u00e1\u017en\u011b spokojen\u00ed. P\u0159edev\u0161\u00edm v\u00a0p\u0159\u00edpad\u011b mlad\u0161\u00edch a vzd\u011blan\u011bj\u0161\u00edch lid\u00ed a obyvatel kraj\u016f s\u00a0ni\u017e\u0161\u00ed nezam\u011bstnanost\u00ed, respektive voli\u010d\u016f dne\u0161n\u00edch vl\u00e1dn\u00edch stran.Tak\u017ee se nenechejme zblbnout. Nen\u00ed tak zle, jak se n\u00e1m n\u011bkdo sna\u017e\u00ed namluvit.                                                                                                                                                                                                                                                                                                                                                                                        4.7\/5 - (3 votes)        "},{"@context":"https:\/\/schema.org\/","@type":"BreadcrumbList","itemListElement":[{"@type":"ListItem","position":1,"name":"Inu, ml\u010d\u00edc\u00ed v\u011bt\u0161ina","item":"https:\/\/www.grubin.cz\/inu-mlcici-vetsina\/#breadcrumbitem"}]}]