[{"@context":"https:\/\/schema.org\/","@type":"Article","@id":"https:\/\/www.grubin.cz\/i-kamna-maji-svou-historii\/#Article","mainEntityOfPage":"https:\/\/www.grubin.cz\/i-kamna-maji-svou-historii\/","headline":"I kamna maj\u00ed svou historii","name":"I kamna maj\u00ed svou historii","description":"Samoz\u0159ejm\u011b, \u017ee se za\u010d\u00ednalo u otev\u0159en\u00e9ho ohn\u011b a d\u00edrou ve st\u0159e\u0161e byl odv\u00e1d\u011bn kou\u0159. Postupn\u011b se ohni\u0161t\u011b za\u010dalo obklopovat velk\u00fdmi kameny a m\u011blo m\u00edsto u zdi. N\u011bco jako dne\u0161n\u00ed krb. Co si budeme pov\u00eddat, pohled do plamen\u016f je v\u00fdte\u010dn\u00e1 relaxace pro spla\u0161en\u00e9 my\u0161lenky. Proto\u017ee ohe\u0148 vyd\u00e1v\u00e1 teplo, postupem doby se vypracoval na ohni\u0161t\u011b uzav\u0159en\u00e9, kter\u00e9 ... <a title=\"I kamna maj\u00ed svou historii\" class=\"read-more\" href=\"https:\/\/www.grubin.cz\/i-kamna-maji-svou-historii\/\">Read more<span class=\"screen-reader-text\">I kamna maj\u00ed svou historii<\/span><\/a>","datePublished":"2023-11-15","dateModified":"2023-11-15","author":{"@type":"Person","@id":"https:\/\/www.grubin.cz\/author\/#Person","name":"","url":"https:\/\/www.grubin.cz\/author\/","identifier":1,"image":{"@type":"ImageObject","@id":"https:\/\/secure.gravatar.com\/avatar\/11f8c6ff4d174e1ebef1d6401491d0892ff6534e7a3312fbf752a8f90a4375cd?s=96&d=mm&r=g","url":"https:\/\/secure.gravatar.com\/avatar\/11f8c6ff4d174e1ebef1d6401491d0892ff6534e7a3312fbf752a8f90a4375cd?s=96&d=mm&r=g","height":96,"width":96}},"publisher":{"@type":"Organization","name":"grubin.cz","logo":{"@type":"ImageObject","@id":"\/logo.png","url":"\/logo.png","width":600,"height":60}},"url":"https:\/\/www.grubin.cz\/i-kamna-maji-svou-historii\/","wordCount":250,"articleBody":"Samoz\u0159ejm\u011b, \u017ee se za\u010d\u00ednalo u otev\u0159en\u00e9ho ohn\u011b a d\u00edrou ve st\u0159e\u0161e byl odv\u00e1d\u011bn kou\u0159. Postupn\u011b se ohni\u0161t\u011b za\u010dalo obklopovat velk\u00fdmi kameny a m\u011blo m\u00edsto u zdi. N\u011bco jako dne\u0161n\u00ed krb. Co si budeme pov\u00eddat, pohled do plamen\u016f je v\u00fdte\u010dn\u00e1 relaxace pro spla\u0161en\u00e9 my\u0161lenky. Proto\u017ee ohe\u0148 vyd\u00e1v\u00e1 teplo, postupem doby se vypracoval na ohni\u0161t\u011b uzav\u0159en\u00e9, kter\u00e9 se skl\u00e1dalo z topeni\u0161t\u011b, pece a kom\u00ednu. Jen tak na okraj, prvn\u00ed kom\u00edny byly d\u0159ev\u011bn\u00e9, zevnit\u0159 vymazan\u00e9 hl\u00ednou! Vynalezen\u00edm elektrick\u00e9 energie se ve\u0161ker\u00e1 topeni\u0161t\u011b p\u0159em\u011bnila na topidla, kter\u00e1 se pou\u017e\u00edvaj\u00ed dodnes. A to je u\u017e n\u011bjak\u00e1 dv\u011b stolet\u00ed! Jednodu\u0161e dne\u0161n\u00ed lok\u00e1ln\u00ed topen\u00ed.\tJe kr\u00e1sn\u00e9 teplo vid\u011btAle pod\u00edvat se do ohn\u011b, jak plameny olizuj\u00ed polena b\u0159\u00edzy, to je pohled k nezaplacen\u00ed. C\u00edt\u00edte, jak teplo s\u00e1l\u00e1, ale z\u00e1rove\u0148 ho vid\u00edte, jak vznik\u00e1. Kamn\u00e1\u0159stv\u00ed Liberec V\u00e1m tento pohled umo\u017en\u00ed postaven\u00edm, renovac\u00ed nebo opravou Va\u0161eho krbu. Jde o z\u00e1\u017eitek, kter\u00fd by \u010dlov\u011bk nevym\u011bnil ani za nic! To je prost\u011b genetick\u00fd k\u00f3d, kter\u00fd se ani dramatick\u00fdm v\u00fdvojem lidstva nevyma\u017ee. Co by lid\u00e9 v prav\u011bku dali za z\u00e1palky! Zvl\u00e1\u0161t\u011b ti, kte\u0159\u00ed zimu nep\u0159e\u010dkali, proto\u017ee ohe\u0148 rozd\u011blat neum\u011bli.                                                                                                                                                                                                                                                                                                                                                                                        4.7\/5 - (12 votes)        "},{"@context":"https:\/\/schema.org\/","@type":"BreadcrumbList","itemListElement":[{"@type":"ListItem","position":1,"name":"I kamna maj\u00ed svou historii","item":"https:\/\/www.grubin.cz\/i-kamna-maji-svou-historii\/#breadcrumbitem"}]}]